{"id":37846,"date":"2024-11-29T09:36:49","date_gmt":"2024-11-29T12:36:49","guid":{"rendered":"https:\/\/www.tvchurrasco.com.br\/site\/?p=37846"},"modified":"2024-11-29T09:36:50","modified_gmt":"2024-11-29T12:36:50","slug":"5-maneiras-de-preparar-coracao-de-frango-na-churrasqueira","status":"publish","type":"post","link":"https:\/\/www.tvchurrasco.com.br\/site\/receitas\/5-maneiras-de-preparar-coracao-de-frango-na-churrasqueira.html","title":{"rendered":"5 Maneiras de Preparar Cora\u00e7\u00e3o de Frango na Churrasqueira"},"content":{"rendered":"<div class=\"angwp_21074 _ning_cont _ning_hidden _ning_outer _align_center\" data-size=\"custom\" data-bid=\"21074\" data-aid=\"0\" style=\"max-width:500px; width:100%;height:130px;\"><div class=\"_ning_label _left\" style=\"\"><\/div><div class=\"_ning_inner\" style=\"\"><a href=\"https:\/\/www.tvchurrasco.com.br\/site?_dnlink=21074&t=1777700265\" class=\"strack_cli _ning_link\" target=\"_parent\">&nbsp;<\/a><div class=\"_ning_elmt\"><img decoding=\"async\" alt=\"Banner Inscreva-se\" src=\"https:\/\/media.tvchurrasco.com.br\/site\/wp-content\/uploads\/2021\/05\/Banner-Horizontal-2.jpg\" width=\"500px\" height=\"130px\" \/><\/div><\/div><\/div><div class=\"clear\"><\/div>\n<p>Se voc\u00ea \u00e9 f\u00e3 de uma boa churrascada, n\u00e3o pode deixar de experimentar o cora\u00e7\u00e3o de frango, uma iguaria deliciosa e cheia de sabor. Al\u00e9m de ser uma op\u00e7\u00e3o econ\u00f4mica, ele \u00e9 perfeito para quem busca uma alternativa saborosa \u00e0s tradicionais carnes de boi e porco. Neste guia, apresentaremos 5 maneiras criativas de preparar cora\u00e7\u00e3o de frango na churrasqueira, garantindo que sua refei\u00e7\u00e3o seja um verdadeiro sucesso entre amigos e familiares.<\/p>\n\n\n\n<p>Venha conosco e descubra como preparar cada uma dessas del\u00edcias! Com as dicas certas, voc\u00ea se tornar\u00e1 um expert na arte de grelhar cora\u00e7\u00e3o de frango, proporcionando momentos saborosos e inesquec\u00edveis.<\/p>\n\n\n\n<p>Descubra o sabor marcante do cora\u00e7\u00e3o de frango com cebolas! Uma combina\u00e7\u00e3o irresist\u00edvel que traz um toque especial para suas refei\u00e7\u00f5es. Venha experimentar essa del\u00edcia que aquece o cora\u00e7\u00e3o e agrada ao paladar!<\/p>\n\n\n\n<p><strong>Cora\u00e7\u00e3o de Frango com Cebolas<\/strong><\/p>\n\n\n\n<figure class=\"wp-block-embed is-type-video is-provider-youtube wp-block-embed-youtube wp-embed-aspect-16-9 wp-has-aspect-ratio\"><div class=\"wp-block-embed__wrapper\">\n<div class=\"youtube-embed\" data-video_id=\"ZkRUxD9Mzdk\"><iframe loading=\"lazy\" title=\"Churrasco de Cora\u00e7\u00e3o de Frango no Espeto com Cebolas\" width=\"696\" height=\"392\" src=\"https:\/\/www.youtube.com\/embed\/ZkRUxD9Mzdk?feature=oembed&#038;enablejsapi=1\" frameborder=\"0\" allow=\"accelerometer; autoplay; clipboard-write; encrypted-media; gyroscope; picture-in-picture; web-share\" referrerpolicy=\"strict-origin-when-cross-origin\" allowfullscreen><\/iframe><\/div>\n<\/div><\/figure>\n\n\n\n<p>Prepare-se para uma explos\u00e3o de sabores com o nosso cora\u00e7\u00e3o de frango embriagado! Nesta receita, o frango \u00e9 marinado com um toque de bebida, trazendo um sabor profundo e inigual\u00e1vel. Perfeito para surpreender em um jantar especial!<\/p>\n\n\n\n<p><strong>Cora\u00e7\u00e3o de Frango Embriagado<\/strong><\/p>\n\n\n\n<figure class=\"wp-block-embed is-type-video is-provider-youtube wp-block-embed-youtube wp-embed-aspect-16-9 wp-has-aspect-ratio\"><div class=\"wp-block-embed__wrapper\">\n<div class=\"youtube-embed\" data-video_id=\"0VJHxUWqIPg\"><iframe loading=\"lazy\" title=\"Como Fazer Cora\u00e7\u00e3o de Frango Embriagado - Tv Churrasco\" width=\"696\" height=\"392\" src=\"https:\/\/www.youtube.com\/embed\/0VJHxUWqIPg?feature=oembed&#038;enablejsapi=1\" frameborder=\"0\" allow=\"accelerometer; autoplay; clipboard-write; encrypted-media; gyroscope; picture-in-picture; web-share\" referrerpolicy=\"strict-origin-when-cross-origin\" allowfullscreen><\/iframe><\/div>\n<\/div><\/figure>\n\n\n\n<p>Deixe suas refei\u00e7\u00f5es mais sofisticadas com o cora\u00e7\u00e3o de frango ao molho de mostarda! Uma receita que combina o sabor \u00fanico dos cora\u00e7\u00f5es de frango com o toque picante e adocicado da mostarda. O resultado? Um prato de dar \u00e1gua na boca!<\/p>\n\n\n\n<p><strong>Cora\u00e7\u00e3o de Frango com Mostarda<\/strong><\/p>\n\n\n\n<figure class=\"wp-block-embed is-type-video is-provider-youtube wp-block-embed-youtube wp-embed-aspect-16-9 wp-has-aspect-ratio\"><div class=\"wp-block-embed__wrapper\">\n<div class=\"youtube-embed\" data-video_id=\"VmxckGm2p58\"><iframe loading=\"lazy\" title=\"Como Fazer Cora\u00e7\u00e3o de Frango com Mostarda - Tv Churrasco\" width=\"696\" height=\"392\" src=\"https:\/\/www.youtube.com\/embed\/VmxckGm2p58?feature=oembed&#038;enablejsapi=1\" frameborder=\"0\" allow=\"accelerometer; autoplay; clipboard-write; encrypted-media; gyroscope; picture-in-picture; web-share\" referrerpolicy=\"strict-origin-when-cross-origin\" allowfullscreen><\/iframe><\/div>\n<\/div><\/figure>\n\n\n\n<p>Quem resiste a um petisco crocante e saboroso? Experimente o cora\u00e7\u00e3o empanado no espeto! Perfeito para uma confraterniza\u00e7\u00e3o ou um lanche descontra\u00eddo, essa receita \u00e9 f\u00e1cil e r\u00e1pida de fazer. Venha encantar seus amigos e familiares!<\/p>\n\n\n\n<p><strong>Cora\u00e7\u00e3o Empanado no Espeto<\/strong><\/p>\n\n\n\n<figure class=\"wp-block-embed is-type-video is-provider-youtube wp-block-embed-youtube wp-embed-aspect-16-9 wp-has-aspect-ratio\"><div class=\"wp-block-embed__wrapper\">\n<div class=\"youtube-embed\" data-video_id=\"NiT-hdSnhK8\"><iframe loading=\"lazy\" title=\"Cora\u00e7\u00e3o Empanado no Espeto - Tv Churrasco #receita\" width=\"696\" height=\"392\" src=\"https:\/\/www.youtube.com\/embed\/NiT-hdSnhK8?feature=oembed&#038;enablejsapi=1\" frameborder=\"0\" allow=\"accelerometer; autoplay; clipboard-write; encrypted-media; gyroscope; picture-in-picture; web-share\" referrerpolicy=\"strict-origin-when-cross-origin\" allowfullscreen><\/iframe><\/div>\n<\/div><\/figure>\n\n\n\n<p>Transforme suas receitas com um tempero especial para cora\u00e7\u00e3o de frango! Combinando ervas e especiarias de dar \u00e1gua na boca, esse tempero vai elevar o sabor dos seus pratos a um novo n\u00edvel. Venha conferir como \u00e9 f\u00e1cil preparar essa mistura irresist\u00edvel!&#8221;<\/p>\n\n\n\n<p><strong>Tempero Especial para Cora\u00e7\u00e3o de Frango<\/strong><\/p>\n\n\n\n<figure class=\"wp-block-embed is-type-video is-provider-youtube wp-block-embed-youtube wp-embed-aspect-16-9 wp-has-aspect-ratio\"><div class=\"wp-block-embed__wrapper\">\n<div class=\"youtube-embed\" data-video_id=\"R--43yyi5sA\"><iframe loading=\"lazy\" title=\"Como Fazer Tempero Especial para Cora\u00e7\u00e3o de Frango - Tv Churrasco\" width=\"696\" height=\"392\" src=\"https:\/\/www.youtube.com\/embed\/R--43yyi5sA?feature=oembed&#038;enablejsapi=1\" frameborder=\"0\" allow=\"accelerometer; autoplay; clipboard-write; encrypted-media; gyroscope; picture-in-picture; web-share\" referrerpolicy=\"strict-origin-when-cross-origin\" allowfullscreen><\/iframe><\/div>\n<\/div><\/figure>\n<div class=\"angwp_21317 _ning_cont _ning_hidden _ning_outer _align_center responsive\" data-size=\"custom\" data-bid=\"21317\" data-aid=\"0\" style=\"max-width:1000px; width:100%;height:inherit;\"><div class=\"_ning_label _left\" style=\"\"><\/div><div class=\"_ning_inner\" style=\"\"><div class=\"_ning_elmt\"><a href=\"https:\/\/www.youtube.com\/watch?v=S_Ts5EEQYXs\"><img decoding=\"async\" alt=\"Banner Receita\" src=\"https:\/\/www.tvchurrasco.com.br\/site\/wp-content\/uploads\/2025\/04\/Banner-Como-Fazer-Picanha-na-Frigideira-com-Alho-Tv-Churrasco.jpg\"  width=\"100%\" height=\"100%\" \/><\/a><\/div>\r\n<\/br>\r\n<div class=\"_ning_elmt\"><a href=\"https:\/\/www.youtube.com\/shorts\/Y__VBaJYJzI\"><img decoding=\"async\" alt=\"Banner Receita\" src=\"https:\/\/www.tvchurrasco.com.br\/site\/wp-content\/uploads\/2025\/04\/Banner-Receita-de-Linguica-com-Pasta-de-Alho-Tv-Receitas.jpg\"  width=\"100%\" height=\"100%\" \/><\/a><\/div><\/div><\/div><div class=\"clear\"><\/div>","protected":false},"excerpt":{"rendered":"<p>Se voc\u00ea \u00e9 f\u00e3 de uma boa churrascada, n\u00e3o pode deixar de experimentar o cora\u00e7\u00e3o de frango, uma iguaria deliciosa e cheia de sabor. <\/p>\n","protected":false},"author":1,"featured_media":37834,"comment_status":"open","ping_status":"closed","sticky":false,"template":"","format":"standard","meta":{"wprm-recipe-roundup-name":"","wprm-recipe-roundup-description":"","_uf_show_specific_survey":0,"_uf_disable_surveys":false,"tdm_status":"","tdm_grid_status":"","footnotes":""},"categories":[129,503,125,119,117],"tags":[5050,16278,4102,4455,5132,4452,4100,4454,30323,4450,4105,28009,4456,4116,3088,4115,19624,7381,7380,19627],"class_list":{"0":"post-37846","1":"post","2":"type-post","3":"status-publish","4":"format-standard","5":"has-post-thumbnail","7":"category-aves","8":"category-coracao","9":"category-entradasepetiscos","10":"category-frangos","11":"category-receitas","12":"tag-churrasco-barato","13":"tag-churrasco-de-coracao-de-frango","14":"tag-como-fazer-coracao","15":"tag-como-fazer-coracao-de-frango","16":"tag-como-fazer-coracao-de-galinha","17":"tag-como-temperar-coracao-de-frango","18":"tag-coracao-de-frango","19":"tag-coracao-de-frango-churrasco","20":"tag-coracao-de-frango-no-espeto","21":"tag-coracao-de-frango-receita","22":"tag-coracao-de-galinha","23":"tag-coracao-no-espeto","24":"tag-espeto-de-coracaozinho","25":"tag-receita-coracao-de-frango","26":"tag-receita-de-churrasco","27":"tag-receita-de-coracao-de-frango","28":"tag-receitas-com-coracao-de-frango","29":"tag-receitas-com-coracao-de-galinha","30":"tag-tempero-coracaozinho","31":"tag-tempero-para-coracao-de-frango"},"aioseo_notices":[],"_links":{"self":[{"href":"https:\/\/www.tvchurrasco.com.br\/site\/wp-json\/wp\/v2\/posts\/37846","targetHints":{"allow":["GET"]}}],"collection":[{"href":"https:\/\/www.tvchurrasco.com.br\/site\/wp-json\/wp\/v2\/posts"}],"about":[{"href":"https:\/\/www.tvchurrasco.com.br\/site\/wp-json\/wp\/v2\/types\/post"}],"author":[{"embeddable":true,"href":"https:\/\/www.tvchurrasco.com.br\/site\/wp-json\/wp\/v2\/users\/1"}],"replies":[{"embeddable":true,"href":"https:\/\/www.tvchurrasco.com.br\/site\/wp-json\/wp\/v2\/comments?post=37846"}],"version-history":[{"count":1,"href":"https:\/\/www.tvchurrasco.com.br\/site\/wp-json\/wp\/v2\/posts\/37846\/revisions"}],"predecessor-version":[{"id":37847,"href":"https:\/\/www.tvchurrasco.com.br\/site\/wp-json\/wp\/v2\/posts\/37846\/revisions\/37847"}],"wp:featuredmedia":[{"embeddable":true,"href":"https:\/\/www.tvchurrasco.com.br\/site\/wp-json\/wp\/v2\/media\/37834"}],"wp:attachment":[{"href":"https:\/\/www.tvchurrasco.com.br\/site\/wp-json\/wp\/v2\/media?parent=37846"}],"wp:term":[{"taxonomy":"category","embeddable":true,"href":"https:\/\/www.tvchurrasco.com.br\/site\/wp-json\/wp\/v2\/categories?post=37846"},{"taxonomy":"post_tag","embeddable":true,"href":"https:\/\/www.tvchurrasco.com.br\/site\/wp-json\/wp\/v2\/tags?post=37846"}],"curies":[{"name":"wp","href":"https:\/\/api.w.org\/{rel}","templated":true}]}}