{"id":24140,"date":"2023-10-20T08:41:39","date_gmt":"2023-10-20T11:41:39","guid":{"rendered":"https:\/\/www.tvchurrasco.com.br\/site\/?p=24140"},"modified":"2024-10-01T16:26:46","modified_gmt":"2024-10-01T19:26:46","slug":"receitas-de-coracao-de-frango-2","status":"publish","type":"post","link":"https:\/\/www.tvchurrasco.com.br\/site\/tpi\/receitas-de-coracao-de-frango-2.html","title":{"rendered":"Receitas de Cora\u00e7\u00e3o de Frango"},"content":{"rendered":"<div class=\"angwp_21074 _ning_cont _ning_hidden _ning_outer _align_center\" data-size=\"custom\" data-bid=\"21074\" data-aid=\"0\" style=\"max-width:500px; width:100%;height:130px;\"><div class=\"_ning_label _left\" style=\"\"><\/div><div class=\"_ning_inner\" style=\"\"><a href=\"https:\/\/www.tvchurrasco.com.br\/site?_dnlink=21074&t=1777600781\" class=\"strack_cli _ning_link\" target=\"_parent\">&nbsp;<\/a><div class=\"_ning_elmt\"><img decoding=\"async\" alt=\"Banner Inscreva-se\" src=\"https:\/\/media.tvchurrasco.com.br\/site\/wp-content\/uploads\/2021\/05\/Banner-Horizontal-2.jpg\" width=\"500px\" height=\"130px\" \/><\/div><\/div><\/div><div class=\"clear\"><\/div>\n<p>S\u00f3 aqui na TvChurrasco voc\u00ea encontra as melhores receitas de cora\u00e7\u00e3o de frango, seja na churrasqueira, no forno, na frigideira ou at\u00e9 mesmo na airfryer. Confira!<\/p>\n\n\n\n<p>CORA\u00c7\u00c3O EMPANADO NA CHURRASQUEIRA, fica igual aqueles deliciosos espetos de churrascaria. Confira como \u00e9 f\u00e1cil de preparar!<\/p>\n\n\n\n<p><strong>Cora\u00e7\u00e3o de Frango Empanado na Churrasqueira<\/strong><\/p>\n\n\n\n<figure class=\"wp-block-embed is-type-video is-provider-youtube wp-block-embed-youtube wp-embed-aspect-16-9 wp-has-aspect-ratio\"><div class=\"wp-block-embed__wrapper\">\n<div class=\"youtube-embed\" data-video_id=\"NiT-hdSnhK8\"><iframe loading=\"lazy\" title=\"Cora\u00e7\u00e3o de Frango Empanado na Churrasqueira - Tv Churrasco #churrasco\" width=\"696\" height=\"392\" src=\"https:\/\/www.youtube.com\/embed\/NiT-hdSnhK8?feature=oembed&#038;enablejsapi=1\" frameborder=\"0\" allow=\"accelerometer; autoplay; clipboard-write; encrypted-media; gyroscope; picture-in-picture; web-share\" allowfullscreen><\/iframe><\/div>\n<\/div><\/figure>\n\n\n\n<p>Uma por\u00e7\u00e3o de Cora\u00e7\u00e3o de Frango Acebolado ningu\u00e9m resiste!<\/p>\n\n\n\n<p>Ent\u00e3o O Tiag\u00e3o Oliveira da Tv Churrasco, preparou esta deliciosa receita de Cora\u00e7\u00e3o de Frango na Airfryer. Uma receita r\u00e1pida e f\u00e1cil de preparar.<\/p>\n\n\n\n<p><strong>Cora\u00e7\u00e3o de Frango na Airfryer<\/strong><\/p>\n\n\n\n<figure class=\"wp-block-embed is-type-video is-provider-youtube wp-block-embed-youtube wp-embed-aspect-16-9 wp-has-aspect-ratio\"><div class=\"wp-block-embed__wrapper\">\n<div class=\"youtube-embed\" data-video_id=\"H64Hq4tPu6g\"><iframe loading=\"lazy\" title=\"Como Fazer Cora\u00e7\u00e3o de Frango na Airfryer - Tv Churrasco\" width=\"696\" height=\"392\" src=\"https:\/\/www.youtube.com\/embed\/H64Hq4tPu6g?feature=oembed&#038;enablejsapi=1\" frameborder=\"0\" allow=\"accelerometer; autoplay; clipboard-write; encrypted-media; gyroscope; picture-in-picture; web-share\" allowfullscreen><\/iframe><\/div>\n<\/div><\/figure>\n\n\n\n<p>Cora\u00e7\u00e3o de Frango na Frigideira \u00e9 r\u00e1pida e f\u00e1cil de preparar. Esta receita, tamb\u00e9m \u00e9 uma \u00f3tima op\u00e7\u00e3o de por\u00e7\u00e3o acebolada.<\/p>\n\n\n\n<p><strong>Cora\u00e7\u00e3o de Frango na Frigideira<\/strong><\/p>\n\n\n\n<figure class=\"wp-block-embed is-type-video is-provider-youtube wp-block-embed-youtube wp-embed-aspect-16-9 wp-has-aspect-ratio\"><div class=\"wp-block-embed__wrapper\">\n<div class=\"youtube-embed\" data-video_id=\"cUNqN87ATdg\"><iframe loading=\"lazy\" title=\"Como Fazer Cora\u00e7\u00e3o de Frango na Frigideira - TvChurrasco\" width=\"696\" height=\"392\" src=\"https:\/\/www.youtube.com\/embed\/cUNqN87ATdg?feature=oembed&#038;enablejsapi=1\" frameborder=\"0\" allow=\"accelerometer; autoplay; clipboard-write; encrypted-media; gyroscope; picture-in-picture; web-share\" allowfullscreen><\/iframe><\/div>\n<\/div><\/figure>\n\n\n\n<p>Um cl\u00e1ssico nos churrascos \u00e9 o Cora\u00e7\u00e3o de Frango Embriagado, uma receia que proporciona muito sabor e sucul\u00eancia.<\/p>\n\n\n\n<p><strong>Cora\u00e7\u00e3o de Frango Embriagado<\/strong><\/p>\n\n\n\n<figure class=\"wp-block-embed is-type-video is-provider-youtube wp-block-embed-youtube wp-embed-aspect-16-9 wp-has-aspect-ratio\"><div class=\"wp-block-embed__wrapper\">\n<div class=\"youtube-embed\" data-video_id=\"0VJHxUWqIPg\"><iframe loading=\"lazy\" title=\"Como Fazer Cora\u00e7\u00e3o de Frango Embriagado - Tv Churrasco\" width=\"696\" height=\"392\" src=\"https:\/\/www.youtube.com\/embed\/0VJHxUWqIPg?feature=oembed&#038;enablejsapi=1\" frameborder=\"0\" allow=\"accelerometer; autoplay; clipboard-write; encrypted-media; gyroscope; picture-in-picture; web-share\" allowfullscreen><\/iframe><\/div>\n<\/div><\/figure>\n\n\n\n<p>Para voc\u00ea que est\u00e1 sem tempo de acender a churrasqueira, confira esta receita pr\u00e1tica de cora\u00e7\u00e3o assado.<\/p>\n\n\n\n<p><strong>Cora\u00e7\u00e3o de Frango Assado<\/strong><\/p>\n\n\n\n<figure class=\"wp-block-embed is-type-video is-provider-youtube wp-block-embed-youtube wp-embed-aspect-16-9 wp-has-aspect-ratio\"><div class=\"wp-block-embed__wrapper\">\n<div class=\"youtube-embed\" data-video_id=\"WlSU4O5CAeA\"><iframe loading=\"lazy\" title=\"Como Fazer Cora\u00e7\u00e3o de Frango Assado - Tv Churrasco\" width=\"696\" height=\"392\" src=\"https:\/\/www.youtube.com\/embed\/WlSU4O5CAeA?feature=oembed&#038;enablejsapi=1\" frameborder=\"0\" allow=\"accelerometer; autoplay; clipboard-write; encrypted-media; gyroscope; picture-in-picture; web-share\" allowfullscreen><\/iframe><\/div>\n<\/div><\/figure>\n<div class=\"angwp_21317 _ning_cont _ning_hidden _ning_outer _align_center responsive\" data-size=\"custom\" data-bid=\"21317\" data-aid=\"0\" style=\"max-width:1000px; width:100%;height:inherit;\"><div class=\"_ning_label _left\" style=\"\"><\/div><div class=\"_ning_inner\" style=\"\"><div class=\"_ning_elmt\"><a href=\"https:\/\/www.youtube.com\/watch?v=S_Ts5EEQYXs\"><img decoding=\"async\" alt=\"Banner Receita\" src=\"https:\/\/www.tvchurrasco.com.br\/site\/wp-content\/uploads\/2025\/04\/Banner-Como-Fazer-Picanha-na-Frigideira-com-Alho-Tv-Churrasco.jpg\"  width=\"100%\" height=\"100%\" \/><\/a><\/div>\r\n<\/br>\r\n<div class=\"_ning_elmt\"><a href=\"https:\/\/www.youtube.com\/shorts\/Y__VBaJYJzI\"><img decoding=\"async\" alt=\"Banner Receita\" src=\"https:\/\/www.tvchurrasco.com.br\/site\/wp-content\/uploads\/2025\/04\/Banner-Receita-de-Linguica-com-Pasta-de-Alho-Tv-Receitas.jpg\"  width=\"100%\" height=\"100%\" \/><\/a><\/div><\/div><\/div><div class=\"clear\"><\/div>","protected":false},"excerpt":{"rendered":"<p>S\u00f3 aqui na TvChurrasco voc\u00ea encontra as melhores receitas de cora\u00e7\u00e3o de frango, seja na churrasqueira, no forno, na frigideira ou at\u00e9 mesmo na airfryer. Confira!<\/p>\n","protected":false},"author":1,"featured_media":24137,"comment_status":"open","ping_status":"closed","sticky":false,"template":"","format":"standard","meta":{"wprm-recipe-roundup-name":"","wprm-recipe-roundup-description":"","_uf_show_specific_survey":0,"_uf_disable_surveys":false,"tdm_status":"","tdm_grid_status":"","footnotes":""},"categories":[14770],"tags":[4117,4102,4455,17288,20843,17291,17292,4450,28012,17294,4116,5133,19624,787,24748,4451,16277,19627,20010],"class_list":{"0":"post-24140","1":"post","2":"type-post","3":"status-publish","4":"format-standard","5":"has-post-thumbnail","7":"category-tpi","8":"tag-churrasco-coracao-de-frango","9":"tag-como-fazer-coracao","10":"tag-como-fazer-coracao-de-frango","11":"tag-como-fazer-coracao-de-galinha-frito","12":"tag-coracao-de-frango-frito-na-airfryer","13":"tag-coracao-de-frango-na-frigideira","14":"tag-coracao-de-frango-na-panela","15":"tag-coracao-de-frango-receita","16":"tag-coracao-empanado","17":"tag-receita-com-coracao-de-galinha","18":"tag-receita-coracao-de-frango","19":"tag-receita-coracao-de-galinha","20":"tag-receitas-com-coracao-de-frango","21":"tag-receitas-de-churrasco","22":"tag-temperar-coracao-de-frango-2","23":"tag-temperar-coracao-de-frango","24":"tag-tempero-coracao-de-frango","25":"tag-tempero-para-coracao-de-frango","26":"tag-tempero-para-coracao-de-galinha"},"aioseo_notices":[],"_links":{"self":[{"href":"https:\/\/www.tvchurrasco.com.br\/site\/wp-json\/wp\/v2\/posts\/24140","targetHints":{"allow":["GET"]}}],"collection":[{"href":"https:\/\/www.tvchurrasco.com.br\/site\/wp-json\/wp\/v2\/posts"}],"about":[{"href":"https:\/\/www.tvchurrasco.com.br\/site\/wp-json\/wp\/v2\/types\/post"}],"author":[{"embeddable":true,"href":"https:\/\/www.tvchurrasco.com.br\/site\/wp-json\/wp\/v2\/users\/1"}],"replies":[{"embeddable":true,"href":"https:\/\/www.tvchurrasco.com.br\/site\/wp-json\/wp\/v2\/comments?post=24140"}],"version-history":[{"count":0,"href":"https:\/\/www.tvchurrasco.com.br\/site\/wp-json\/wp\/v2\/posts\/24140\/revisions"}],"wp:featuredmedia":[{"embeddable":true,"href":"https:\/\/www.tvchurrasco.com.br\/site\/wp-json\/wp\/v2\/media\/24137"}],"wp:attachment":[{"href":"https:\/\/www.tvchurrasco.com.br\/site\/wp-json\/wp\/v2\/media?parent=24140"}],"wp:term":[{"taxonomy":"category","embeddable":true,"href":"https:\/\/www.tvchurrasco.com.br\/site\/wp-json\/wp\/v2\/categories?post=24140"},{"taxonomy":"post_tag","embeddable":true,"href":"https:\/\/www.tvchurrasco.com.br\/site\/wp-json\/wp\/v2\/tags?post=24140"}],"curies":[{"name":"wp","href":"https:\/\/api.w.org\/{rel}","templated":true}]}}