{"id":23842,"date":"2023-08-09T17:01:00","date_gmt":"2023-08-09T20:01:00","guid":{"rendered":"https:\/\/www.tvchurrasco.com.br\/site\/?p=23842"},"modified":"2024-10-01T17:47:30","modified_gmt":"2024-10-01T20:47:30","slug":"dia-dos-pais-almoco-10-reais-por-pessoa","status":"publish","type":"post","link":"https:\/\/www.tvchurrasco.com.br\/site\/receitas\/dia-dos-pais-almoco-10-reais-por-pessoa.html","title":{"rendered":"Dia dos Pais &#8211; Almo\u00e7o 10 Reais por Pessoa"},"content":{"rendered":"<div class=\"angwp_21074 _ning_cont _ning_hidden _ning_outer _align_center\" data-size=\"custom\" data-bid=\"21074\" data-aid=\"0\" style=\"max-width:500px; width:100%;height:130px;\"><div class=\"_ning_label _left\" style=\"\"><\/div><div class=\"_ning_inner\" style=\"\"><a href=\"https:\/\/www.tvchurrasco.com.br\/site?_dnlink=21074&t=1777807430\" class=\"strack_cli _ning_link\" target=\"_parent\">&nbsp;<\/a><div class=\"_ning_elmt\"><img decoding=\"async\" alt=\"Banner Inscreva-se\" src=\"https:\/\/media.tvchurrasco.com.br\/site\/wp-content\/uploads\/2021\/05\/Banner-Horizontal-2.jpg\" width=\"500px\" height=\"130px\" \/><\/div><\/div><\/div><div class=\"clear\"><\/div>\n<p>O Dia dos Pais est\u00e1 chegando e claro que n\u00e3o pode faltar um bom churrasco com a fam\u00edlia!<\/p>\n\n\n\n<p>Como sugest\u00e3o: receita de Lingui\u00e7a Toscana <a href=\"https:\/\/bit.ly\/44WampU\" target=\"_blank\" rel=\"noopener\" title=\"@perdigao\">@perdigao<\/a> Na Brasa com molho e parmes\u00e3o, que preparamos em parceria com o <a href=\"https:\/\/bit.ly\/3OtgZZN\" target=\"_blank\" rel=\"noopener\" title=\"@atacadaosa.oficial\">@atacadaosa.oficial<\/a>, MAIOR atacadista do Brasil, acompanhado de uma <a href=\"https:\/\/bit.ly\/3OMC82y\" target=\"_blank\" rel=\"noopener\" title=\"@spaten_br\">@spaten_br<\/a> geladinha.<\/p>\n\n\n\n<p>E claro que todos os produtos para o seu churrasco de Dia dos Pais, voc\u00ea encontra no Atacad\u00e3o, com pre\u00e7os super baixos e muita variedade.<\/p>\n\n\n\n<p>Aproveite as ofertas incr\u00edveis do Especial Dia dos Pais Atacad\u00e3o, que vai at\u00e9 13 de agosto de 2023. Beba com modera\u00e7\u00e3o!<\/p>\n\n\n\n<p><iframe loading=\"lazy\" src=\"https:\/\/www.youtube.com\/embed\/LLvxqm5oznA?si=D7GcXnng8vSnxQbj\" title=\"YouTube video player\" allow=\"accelerometer; autoplay; clipboard-write; encrypted-media; gyroscope; picture-in-picture; web-share\" allowfullscreen=\"\" width=\"560\" height=\"315\" frameborder=\"0\"><\/iframe><\/p>\n\n\n\n<p><\/p>\n\n\n\n<p><\/p>\n<div class=\"angwp_21317 _ning_cont _ning_hidden _ning_outer _align_center responsive\" data-size=\"custom\" data-bid=\"21317\" data-aid=\"0\" style=\"max-width:1000px; width:100%;height:inherit;\"><div class=\"_ning_label _left\" style=\"\"><\/div><div class=\"_ning_inner\" style=\"\"><div class=\"_ning_elmt\"><a href=\"https:\/\/www.youtube.com\/watch?v=S_Ts5EEQYXs\"><img decoding=\"async\" alt=\"Banner Receita\" src=\"https:\/\/www.tvchurrasco.com.br\/site\/wp-content\/uploads\/2025\/04\/Banner-Como-Fazer-Picanha-na-Frigideira-com-Alho-Tv-Churrasco.jpg\"  width=\"100%\" height=\"100%\" \/><\/a><\/div>\r\n<\/br>\r\n<div class=\"_ning_elmt\"><a href=\"https:\/\/www.youtube.com\/shorts\/Y__VBaJYJzI\"><img decoding=\"async\" alt=\"Banner Receita\" src=\"https:\/\/www.tvchurrasco.com.br\/site\/wp-content\/uploads\/2025\/04\/Banner-Receita-de-Linguica-com-Pasta-de-Alho-Tv-Receitas.jpg\"  width=\"100%\" height=\"100%\" \/><\/a><\/div><\/div><\/div><div class=\"clear\"><\/div>","protected":false},"excerpt":{"rendered":"<p>O Dia dos Pais est\u00e1 chegando e claro que n\u00e3o pode faltar um bom churrasco com a fam\u00edlia!<\/p>\n","protected":false},"author":1,"featured_media":23841,"comment_status":"open","ping_status":"closed","sticky":false,"template":"","format":"standard","meta":{"wprm-recipe-roundup-name":"","wprm-recipe-roundup-description":"","_uf_show_specific_survey":0,"_uf_disable_surveys":false,"tdm_status":"","tdm_grid_status":"","footnotes":""},"categories":[128,125,117],"tags":[27463,27460,27459,27462,27461,27464,21545,1768,13946,16824,6922,27466,16817,21966,27467,1579,16825,27465,3794,15112,17743],"class_list":{"0":"post-23842","1":"post","2":"type-post","3":"status-publish","4":"format-standard","5":"has-post-thumbnail","7":"category-embutidos","8":"category-entradasepetiscos","9":"category-receitas","10":"tag-atacadao","11":"tag-atacadao-mais-proximo","12":"tag-atacadao-ofertas","13":"tag-cerveja-spaten","14":"tag-cerveja-spaten-long-neck","15":"tag-dia-dos-pais-2023","16":"tag-kit-churrasco-dia-dos-pais","17":"tag-linguica-assada","18":"tag-linguica-com-queijo","19":"tag-linguica-de-churrasco","20":"tag-linguica-na-brasa","21":"tag-linguica-na-brasa-perdigao","22":"tag-linguica-para-churrasco","23":"tag-linguica-perdigao-2","24":"tag-linguica-perdigao-na-brasa","25":"tag-linguica-toscana","26":"tag-melhor-linguica-para-churrasco","27":"tag-pedigao-na-brasa","28":"tag-receita-com-linguica","29":"tag-receita-com-linguica-de-churrasco","30":"tag-receita-com-linguica-toscana"},"aioseo_notices":[],"_links":{"self":[{"href":"https:\/\/www.tvchurrasco.com.br\/site\/wp-json\/wp\/v2\/posts\/23842","targetHints":{"allow":["GET"]}}],"collection":[{"href":"https:\/\/www.tvchurrasco.com.br\/site\/wp-json\/wp\/v2\/posts"}],"about":[{"href":"https:\/\/www.tvchurrasco.com.br\/site\/wp-json\/wp\/v2\/types\/post"}],"author":[{"embeddable":true,"href":"https:\/\/www.tvchurrasco.com.br\/site\/wp-json\/wp\/v2\/users\/1"}],"replies":[{"embeddable":true,"href":"https:\/\/www.tvchurrasco.com.br\/site\/wp-json\/wp\/v2\/comments?post=23842"}],"version-history":[{"count":0,"href":"https:\/\/www.tvchurrasco.com.br\/site\/wp-json\/wp\/v2\/posts\/23842\/revisions"}],"wp:featuredmedia":[{"embeddable":true,"href":"https:\/\/www.tvchurrasco.com.br\/site\/wp-json\/wp\/v2\/media\/23841"}],"wp:attachment":[{"href":"https:\/\/www.tvchurrasco.com.br\/site\/wp-json\/wp\/v2\/media?parent=23842"}],"wp:term":[{"taxonomy":"category","embeddable":true,"href":"https:\/\/www.tvchurrasco.com.br\/site\/wp-json\/wp\/v2\/categories?post=23842"},{"taxonomy":"post_tag","embeddable":true,"href":"https:\/\/www.tvchurrasco.com.br\/site\/wp-json\/wp\/v2\/tags?post=23842"}],"curies":[{"name":"wp","href":"https:\/\/api.w.org\/{rel}","templated":true}]}}