{"id":21130,"date":"2021-06-25T14:32:40","date_gmt":"2021-06-25T17:32:40","guid":{"rendered":"https:\/\/www.tvchurrasco.com.br\/site\/?p=21130"},"modified":"2024-10-07T17:39:09","modified_gmt":"2024-10-07T20:39:09","slug":"receitas-de-inverno-tv-churrasco","status":"publish","type":"post","link":"https:\/\/www.tvchurrasco.com.br\/site\/tpi\/receitas-de-inverno-tv-churrasco.html","title":{"rendered":"Receitas de Inverno Tv Churrasco"},"content":{"rendered":"<div class=\"angwp_21074 _ning_cont _ning_hidden _ning_outer _align_center\" data-size=\"custom\" data-bid=\"21074\" data-aid=\"0\" style=\"max-width:500px; width:100%;height:130px;\"><div class=\"_ning_label _left\" style=\"\"><\/div><div class=\"_ning_inner\" style=\"\"><a href=\"https:\/\/www.tvchurrasco.com.br\/site?_dnlink=21074&t=1777506923\" class=\"strack_cli _ning_link\" target=\"_parent\">&nbsp;<\/a><div class=\"_ning_elmt\"><img decoding=\"async\" alt=\"Banner Inscreva-se\" src=\"https:\/\/media.tvchurrasco.com.br\/site\/wp-content\/uploads\/2021\/05\/Banner-Horizontal-2.jpg\" width=\"500px\" height=\"130px\" \/><\/div><\/div><\/div><div class=\"clear\"><\/div>\n<p>Para estes dias mais frios, nada melhor do que receita para esquentar&#8230;<\/p>\n\n\n\n<p>Pensando nisso n\u00f3s preparamos receitas especiais para voc\u00ea.<\/p>\n\n\n\n<p>CALDO VERDE e CALDO DE FEIJ\u00c3O, dois cl\u00e1ssicos de inverno preparados especialmente para voc\u00ea. Estas op\u00e7\u00f5es podem ser servidas como entrada no churrasco. Confira!<\/p>\n\n\n\n<p><strong>Receitas de Caldos para Inverno &#8211; Caldo Verde e Caldo de Feij\u00e3o Tv Churrasco<\/strong><\/p>\n\n\n\n<figure class=\"wp-block-embed is-type-video is-provider-youtube wp-block-embed-youtube wp-embed-aspect-16-9 wp-has-aspect-ratio\"><div class=\"wp-block-embed__wrapper\">\n<div class=\"youtube-embed\" data-video_id=\"rUNDes8Duig\"><iframe loading=\"lazy\" title=\"Receitas de Caldos para Inverno - Caldo Verde e Caldo de Feij\u00e3o Tv Churrasco\" width=\"696\" height=\"392\" src=\"https:\/\/www.youtube.com\/embed\/rUNDes8Duig?feature=oembed&#038;enablejsapi=1\" frameborder=\"0\" allow=\"accelerometer; autoplay; clipboard-write; encrypted-media; gyroscope; picture-in-picture\" allowfullscreen><\/iframe><\/div>\n<\/div><\/figure>\n\n\n\n<p>COSTELA TRADICIONAL ASSADA NO FORNO, simplesmente FANT\u00c1STICA!<br>Esta receita de costela assada, n\u00e3o utiliza papel alum\u00ednio como em outros v\u00eddeos, mesmo assim a CARNE ficou macia, suculenta e desmanchando! Uma \u00f3tima op\u00e7\u00e3o para o inverno. Confira!<\/p>\n\n\n\n<p>Como Fazer Costela Tradicional Assada no Forno &#8211; Tv Churrasco<\/p>\n\n\n\n<figure class=\"wp-block-embed is-type-video is-provider-youtube wp-block-embed-youtube wp-embed-aspect-16-9 wp-has-aspect-ratio\"><div class=\"wp-block-embed__wrapper\">\n<div class=\"youtube-embed\" data-video_id=\"MCOLIGnmKsA\"><iframe loading=\"lazy\" title=\"Como Fazer Costela Tradicional Assada no Forno - Tv Churrasco\" width=\"696\" height=\"392\" src=\"https:\/\/www.youtube.com\/embed\/MCOLIGnmKsA?feature=oembed&#038;enablejsapi=1\" frameborder=\"0\" allow=\"accelerometer; autoplay; clipboard-write; encrypted-media; gyroscope; picture-in-picture\" allowfullscreen><\/iframe><\/div>\n<\/div><\/figure>\n\n\n\n<p>O CUPIM fica desmanchando e com um delicioso sabor da CERVEJA PRETA. As BATATAS v\u00e3o ficar tamb\u00e9m incr\u00edveis, molinhas e com um sabor muito gostoso! Uma receita FORA DA M\u00c9DIA! Confira!<\/p>\n\n\n\n<p>Cupim na Panela de Press\u00e3o com Cerveja Preta e Batatas &#8211; Tv Churrasco<\/p>\n\n\n\n<figure class=\"wp-block-embed is-type-video is-provider-youtube wp-block-embed-youtube wp-embed-aspect-16-9 wp-has-aspect-ratio\"><div class=\"wp-block-embed__wrapper\">\n<div class=\"youtube-embed\" data-video_id=\"eF_BTCmTeUQ\"><iframe loading=\"lazy\" title=\"Cupim na Panela de Press\u00e3o com Cerveja Preta e Batatas - Tv Churrasco\" width=\"696\" height=\"392\" src=\"https:\/\/www.youtube.com\/embed\/eF_BTCmTeUQ?feature=oembed&#038;enablejsapi=1\" frameborder=\"0\" allow=\"accelerometer; autoplay; clipboard-write; encrypted-media; gyroscope; picture-in-picture\" allowfullscreen><\/iframe><\/div>\n<\/div><\/figure>\n\n\n\n<p>Receita de Entrevero \u00e9 muito famosa na regi\u00e3o sul do Brasil, preparamos o ENTREVERO no DISCO DE ARADO. Uma das estrelas desta receita \u00e9 o PINH\u00c3O, que d\u00e1 um sabor ainda mais ESPECIAL a esse prato maravilhoso. O modo de preparo \u00e9 muito interessante e bonito, formando uma roda com cada ingrediente em torno do DISCO. Confira neste v\u00eddeo!<\/p>\n\n\n\n<p>Receita de Entrevero no Disco de Arado &#8211; Tv Churrasco<\/p>\n\n\n\n<figure class=\"wp-block-embed is-type-video is-provider-youtube wp-block-embed-youtube wp-embed-aspect-16-9 wp-has-aspect-ratio\"><div class=\"wp-block-embed__wrapper\">\n<div class=\"youtube-embed\" data-video_id=\"3fRKR730nz8\"><iframe loading=\"lazy\" title=\"Receita de Entrevero no Disco de Arado - Tv Churrasco\" width=\"696\" height=\"392\" src=\"https:\/\/www.youtube.com\/embed\/3fRKR730nz8?feature=oembed&#038;enablejsapi=1\" frameborder=\"0\" allow=\"accelerometer; autoplay; clipboard-write; encrypted-media; gyroscope; picture-in-picture\" allowfullscreen><\/iframe><\/div>\n<\/div><\/figure>\n\n\n\n<p>Uma carne macia e suculenta, FRALDINHA ASSADA NA CERVEJA PRETA! Uma jun\u00e7\u00e3o de sabores espetacular! Uma receita simples que faz sucesso!<\/p>\n\n\n\n<p>Como Fazer Fraldinha Assada na Cerveja Preta (Fraldinha de Forno) &#8211; Tv Churrasco<\/p>\n\n\n\n<figure class=\"wp-block-embed is-type-video is-provider-youtube wp-block-embed-youtube wp-embed-aspect-16-9 wp-has-aspect-ratio\"><div class=\"wp-block-embed__wrapper\">\n<div class=\"youtube-embed\" data-video_id=\"oIP6s80DT10\"><iframe loading=\"lazy\" title=\"Como Fazer Fraldinha Assada na Cerveja Preta (Fraldinha de Forno) - Tv Churrasco\" width=\"696\" height=\"392\" src=\"https:\/\/www.youtube.com\/embed\/oIP6s80DT10?feature=oembed&#038;enablejsapi=1\" frameborder=\"0\" allow=\"accelerometer; autoplay; clipboard-write; encrypted-media; gyroscope; picture-in-picture\" allowfullscreen><\/iframe><\/div>\n<\/div><\/figure>\n<div class=\"angwp_21317 _ning_cont _ning_hidden _ning_outer _align_center responsive\" data-size=\"custom\" data-bid=\"21317\" data-aid=\"0\" style=\"max-width:1000px; width:100%;height:inherit;\"><div class=\"_ning_label _left\" style=\"\"><\/div><div class=\"_ning_inner\" style=\"\"><div class=\"_ning_elmt\"><a href=\"https:\/\/www.youtube.com\/watch?v=S_Ts5EEQYXs\"><img decoding=\"async\" alt=\"Banner Receita\" src=\"https:\/\/www.tvchurrasco.com.br\/site\/wp-content\/uploads\/2025\/04\/Banner-Como-Fazer-Picanha-na-Frigideira-com-Alho-Tv-Churrasco.jpg\"  width=\"100%\" height=\"100%\" \/><\/a><\/div>\r\n<\/br>\r\n<div class=\"_ning_elmt\"><a href=\"https:\/\/www.youtube.com\/shorts\/Y__VBaJYJzI\"><img decoding=\"async\" alt=\"Banner Receita\" src=\"https:\/\/www.tvchurrasco.com.br\/site\/wp-content\/uploads\/2025\/04\/Banner-Receita-de-Linguica-com-Pasta-de-Alho-Tv-Receitas.jpg\"  width=\"100%\" height=\"100%\" \/><\/a><\/div><\/div><\/div><div class=\"clear\"><\/div>","protected":false},"excerpt":{"rendered":"<p>Para estes dias mais frios, nada melhor do que receita para esquentar&#8230;<br \/>\nPensando nisso n\u00f3s preparamos receitas especiais para voc\u00ea.<\/p>\n","protected":false},"author":1,"featured_media":21127,"comment_status":"open","ping_status":"closed","sticky":false,"template":"","format":"standard","meta":{"wprm-recipe-roundup-name":"","wprm-recipe-roundup-description":"","_uf_show_specific_survey":0,"_uf_disable_surveys":false,"tdm_status":"","tdm_grid_status":"","footnotes":""},"categories":[14770],"tags":[5876,5870,6581,21325,21330,21329,21328,21331,5122,5090,6582,8150,15555,15135,1970,1333,7077,21336,4048,14769,15138,15145,1972,21334,15148,21338,15149,21335,1202,1201],"class_list":{"0":"post-21130","1":"post","2":"type-post","3":"status-publish","4":"format-standard","5":"has-post-thumbnail","7":"category-tpi","8":"tag-caldinho-de-feijao","9":"tag-caldo-de-feijao","10":"tag-caldo-verde","11":"tag-caldo-verde-como-fazer","12":"tag-caldo-verde-simples","13":"tag-caldos-para-o-inverno","14":"tag-caldos-quentes","15":"tag-caldos-receitas","16":"tag-carne-fraldinha","17":"tag-comida-brasileira","18":"tag-como-fazer-caldo-verde","19":"tag-como-fazer-costela-assada","20":"tag-como-fazer-costela-tradicional","21":"tag-como-fazer-entrevero","22":"tag-como-fazer-fraldinha","23":"tag-costela","24":"tag-costela-soltando-o-osso","25":"tag-cremes-pra-o-inverno","26":"tag-cupim","27":"tag-cupim-na-pressao","28":"tag-entrevero","29":"tag-entrevero-pinhao","30":"tag-fraldinha-no-forno","31":"tag-receita-de-caldo-verde","32":"tag-receita-entrevero","33":"tag-receita-para-inverno","34":"tag-receitas-gauchas","35":"tag-receitas-inverno","36":"tag-tv-churrasco","37":"tag-tvchurrasco"},"aioseo_notices":[],"_links":{"self":[{"href":"https:\/\/www.tvchurrasco.com.br\/site\/wp-json\/wp\/v2\/posts\/21130","targetHints":{"allow":["GET"]}}],"collection":[{"href":"https:\/\/www.tvchurrasco.com.br\/site\/wp-json\/wp\/v2\/posts"}],"about":[{"href":"https:\/\/www.tvchurrasco.com.br\/site\/wp-json\/wp\/v2\/types\/post"}],"author":[{"embeddable":true,"href":"https:\/\/www.tvchurrasco.com.br\/site\/wp-json\/wp\/v2\/users\/1"}],"replies":[{"embeddable":true,"href":"https:\/\/www.tvchurrasco.com.br\/site\/wp-json\/wp\/v2\/comments?post=21130"}],"version-history":[{"count":1,"href":"https:\/\/www.tvchurrasco.com.br\/site\/wp-json\/wp\/v2\/posts\/21130\/revisions"}],"predecessor-version":[{"id":34067,"href":"https:\/\/www.tvchurrasco.com.br\/site\/wp-json\/wp\/v2\/posts\/21130\/revisions\/34067"}],"wp:featuredmedia":[{"embeddable":true,"href":"https:\/\/www.tvchurrasco.com.br\/site\/wp-json\/wp\/v2\/media\/21127"}],"wp:attachment":[{"href":"https:\/\/www.tvchurrasco.com.br\/site\/wp-json\/wp\/v2\/media?parent=21130"}],"wp:term":[{"taxonomy":"category","embeddable":true,"href":"https:\/\/www.tvchurrasco.com.br\/site\/wp-json\/wp\/v2\/categories?post=21130"},{"taxonomy":"post_tag","embeddable":true,"href":"https:\/\/www.tvchurrasco.com.br\/site\/wp-json\/wp\/v2\/tags?post=21130"}],"curies":[{"name":"wp","href":"https:\/\/api.w.org\/{rel}","templated":true}]}}