{"id":16035,"date":"2020-05-29T18:30:38","date_gmt":"2020-05-29T21:30:38","guid":{"rendered":"https:\/\/www.tvchurrasco.com.br\/site\/?p=16035"},"modified":"2024-10-08T16:14:49","modified_gmt":"2024-10-08T19:14:49","slug":"receitas-de-coracao-de-frango","status":"publish","type":"post","link":"https:\/\/www.tvchurrasco.com.br\/site\/tpi\/receitas-de-coracao-de-frango.html","title":{"rendered":"Receitas de Cora\u00e7\u00e3o de Frango"},"content":{"rendered":"<div class=\"angwp_21074 _ning_cont _ning_hidden _ning_outer _align_center\" data-size=\"custom\" data-bid=\"21074\" data-aid=\"0\" style=\"max-width:500px; width:100%;height:130px;\"><div class=\"_ning_label _left\" style=\"\"><\/div><div class=\"_ning_inner\" style=\"\"><a href=\"https:\/\/www.tvchurrasco.com.br\/site?_dnlink=21074&t=1777470906\" class=\"strack_cli _ning_link\" target=\"_parent\">&nbsp;<\/a><div class=\"_ning_elmt\"><img decoding=\"async\" alt=\"Banner Inscreva-se\" src=\"https:\/\/media.tvchurrasco.com.br\/site\/wp-content\/uploads\/2021\/05\/Banner-Horizontal-2.jpg\" width=\"500px\" height=\"130px\" \/><\/div><\/div><\/div><div class=\"clear\"><\/div><p>Para voc\u00ea apaixonado por CORA\u00c7\u00c3O DE FRANGO, aqui na TVCHURRASCO.COM temos uma colet\u00e2nea especial de receita de cora\u00e7\u00e3o. CONFIRA!<\/p>\n<p>A receita de Cora\u00e7\u00e3o de Frango na Frigideira \u00e9 r\u00e1pida e f\u00e1cil de preparar.<br \/>\nVeja como fazer e os principais ingredientes desse prato delicioso, mais uma receita preparada pelo Tiag\u00e3o Oliveira da TvChurrasco. Esta receita, tamb\u00e9m \u00e9 uma \u00f3tima op\u00e7\u00e3o de por\u00e7\u00e3o acebolada.<\/p>\n<p>Como Fazer Cora\u00e7\u00e3o de Frango na Frigideira &#8211; TvChurrasco<br \/>\n<iframe loading=\"lazy\" src=\"https:\/\/www.youtube.com\/embed\/cUNqN87ATdg\" width=\"560\" height=\"315\" frameborder=\"0\" allowfullscreen=\"allowfullscreen\"><\/iframe><\/p>\n<p>COMO FAZER CORA\u00c7\u00c3O DE FRANGO EMBRIAGADO, uma dica PRECIOSA para fazer e servir no CHURRASCO, a cacha\u00e7a d\u00e1 um sabor espetacular! Confira!<\/p>\n<p>Como Fazer Cora\u00e7\u00e3o de Frango Embriagado &#8211; Tv Churrasco<br \/>\n<iframe loading=\"lazy\" src=\"https:\/\/www.youtube.com\/embed\/0VJHxUWqIPg?autoplay=0&amp;rel=0\" width=\"560\" height=\"315\" frameborder=\"0\" allowfullscreen=\"allowfullscreen\"><\/iframe><\/p>\n<p>CORA\u00c7\u00d5EZINHOS DE FRANGO douradinhos e saborosos para servir como por\u00e7\u00e3o no in\u00edcio do #CHURRASCO, ficam #FORADAM\u00c9DIA!<\/p>\n<p>Receita de Cora\u00e7\u00e3o de Frango Dourados \u2013 TvChurrasco<br \/>\n<iframe loading=\"lazy\" src=\"https:\/\/www.youtube.com\/embed\/ZqvSQZA-iLc?autoplay=0&amp;rel=0\" width=\"560\" height=\"315\" frameborder=\"0\" allowfullscreen=\"allowfullscreen\"><\/iframe><\/p>\n<p>Deixe os tradicionais CORA\u00c7\u00d5ES DE FRANGO ainda mais saborosos e suculentos com um TEMPERO ESPECIAL! Confira aqui na TV CHURRASCO!<\/p>\n<p>Como Fazer Tempero Especial para Cora\u00e7\u00e3o de Frango &#8211; Tv Churrasco<br \/>\n<iframe loading=\"lazy\" src=\"https:\/\/www.youtube.com\/embed\/R--43yyi5sA?autoplay=0&amp;rel=0\" width=\"560\" height=\"315\" frameborder=\"0\" allowfullscreen=\"allowfullscreen\"><\/iframe><\/p>\n<p>Experimente temperar CORA\u00c7\u00c3O DE FRANGO COM MOSTARDA no pr\u00f3ximo #CHURRASCO!<br \/>\nA sucul\u00eancia \u00e9 #FORADAM\u00c9DIA!<\/p>\n<p>Como Fazer Cora\u00e7\u00e3o de Frango com Mostarda &#8211; Tv Churrasco<br \/>\nComo Fazer Cora\u00e7\u00e3o de Frango com Mostarda &#8211; Tv Churrasco<br \/>\n<iframe loading=\"lazy\" src=\"https:\/\/www.youtube.com\/embed\/VmxckGm2p58?autoplay=0&amp;rel=0\" width=\"560\" height=\"315\" frameborder=\"0\" allowfullscreen=\"allowfullscreen\"><\/iframe><\/p>\n<div class=\"angwp_21317 _ning_cont _ning_hidden _ning_outer _align_center responsive\" data-size=\"custom\" data-bid=\"21317\" data-aid=\"0\" style=\"max-width:1000px; width:100%;height:inherit;\"><div class=\"_ning_label _left\" style=\"\"><\/div><div class=\"_ning_inner\" style=\"\"><div class=\"_ning_elmt\"><a href=\"https:\/\/www.youtube.com\/watch?v=S_Ts5EEQYXs\"><img decoding=\"async\" alt=\"Banner Receita\" src=\"https:\/\/www.tvchurrasco.com.br\/site\/wp-content\/uploads\/2025\/04\/Banner-Como-Fazer-Picanha-na-Frigideira-com-Alho-Tv-Churrasco.jpg\"  width=\"100%\" height=\"100%\" \/><\/a><\/div>\r\n<\/br>\r\n<div class=\"_ning_elmt\"><a href=\"https:\/\/www.youtube.com\/shorts\/Y__VBaJYJzI\"><img decoding=\"async\" alt=\"Banner Receita\" src=\"https:\/\/www.tvchurrasco.com.br\/site\/wp-content\/uploads\/2025\/04\/Banner-Receita-de-Linguica-com-Pasta-de-Alho-Tv-Receitas.jpg\"  width=\"100%\" height=\"100%\" \/><\/a><\/div><\/div><\/div><div class=\"clear\"><\/div>","protected":false},"excerpt":{"rendered":"<p>&nbsp;Para voc\u00ea apaixonado por CORA\u00c7\u00c3O DE FRANGO, aqui na TVCHURRASCO.COM temos uma colet\u00e2nea especial de receita de cora\u00e7\u00e3o. CONFIRA! A receita de Cora\u00e7\u00e3o de Frango na Frigideira \u00e9 r\u00e1pida e f\u00e1cil de preparar. Veja como fazer e os principais ingredientes desse prato delicioso, mais uma receita preparada pelo Tiag\u00e3o Oliveira da TvChurrasco. Esta receita, tamb\u00e9m [&hellip;]<\/p>\n","protected":false},"author":1,"featured_media":16032,"comment_status":"open","ping_status":"closed","sticky":false,"template":"","format":"standard","meta":{"wprm-recipe-roundup-name":"","wprm-recipe-roundup-description":"","_uf_show_specific_survey":0,"_uf_disable_surveys":false,"tdm_status":"","tdm_grid_status":"","footnotes":""},"categories":[14770],"tags":[4117,4104,17287,4102,4455,5132,4100,4453,17291,17292,4450,17293,4110,4113,10480,2171,17295,17296,4456,17294,4451,7379,7380,1202,1201],"class_list":{"0":"post-16035","1":"post","2":"type-post","3":"status-publish","4":"format-standard","5":"has-post-thumbnail","7":"category-tpi","8":"tag-churrasco-coracao-de-frango","9":"tag-churrasco-de-coracao","10":"tag-como-coracao-galinha","11":"tag-como-fazer-coracao","12":"tag-como-fazer-coracao-de-frango","13":"tag-como-fazer-coracao-de-galinha","14":"tag-coracao-de-frango","15":"tag-coracao-de-frango-na-cachaca","16":"tag-coracao-de-frango-na-frigideira","17":"tag-coracao-de-frango-na-panela","18":"tag-coracao-de-frango-receita","19":"tag-coracao-de-galinha-receita","20":"tag-coracaozinho","21":"tag-coracaozinho-assado","22":"tag-coracaozinho-de-frango","23":"tag-espetinho","24":"tag-espetinho-de-coracaozinho","25":"tag-espeto-de-coracao-de-frango","26":"tag-espeto-de-coracaozinho","27":"tag-receita-com-coracao-de-galinha","28":"tag-temperar-coracao-de-frango","29":"tag-tempero-coracao","30":"tag-tempero-coracaozinho","31":"tag-tv-churrasco","32":"tag-tvchurrasco"},"aioseo_notices":[],"_links":{"self":[{"href":"https:\/\/www.tvchurrasco.com.br\/site\/wp-json\/wp\/v2\/posts\/16035","targetHints":{"allow":["GET"]}}],"collection":[{"href":"https:\/\/www.tvchurrasco.com.br\/site\/wp-json\/wp\/v2\/posts"}],"about":[{"href":"https:\/\/www.tvchurrasco.com.br\/site\/wp-json\/wp\/v2\/types\/post"}],"author":[{"embeddable":true,"href":"https:\/\/www.tvchurrasco.com.br\/site\/wp-json\/wp\/v2\/users\/1"}],"replies":[{"embeddable":true,"href":"https:\/\/www.tvchurrasco.com.br\/site\/wp-json\/wp\/v2\/comments?post=16035"}],"version-history":[{"count":1,"href":"https:\/\/www.tvchurrasco.com.br\/site\/wp-json\/wp\/v2\/posts\/16035\/revisions"}],"predecessor-version":[{"id":34413,"href":"https:\/\/www.tvchurrasco.com.br\/site\/wp-json\/wp\/v2\/posts\/16035\/revisions\/34413"}],"wp:featuredmedia":[{"embeddable":true,"href":"https:\/\/www.tvchurrasco.com.br\/site\/wp-json\/wp\/v2\/media\/16032"}],"wp:attachment":[{"href":"https:\/\/www.tvchurrasco.com.br\/site\/wp-json\/wp\/v2\/media?parent=16035"}],"wp:term":[{"taxonomy":"category","embeddable":true,"href":"https:\/\/www.tvchurrasco.com.br\/site\/wp-json\/wp\/v2\/categories?post=16035"},{"taxonomy":"post_tag","embeddable":true,"href":"https:\/\/www.tvchurrasco.com.br\/site\/wp-json\/wp\/v2\/tags?post=16035"}],"curies":[{"name":"wp","href":"https:\/\/api.w.org\/{rel}","templated":true}]}}